{"id":8012,"date":"2023-09-22T10:33:52","date_gmt":"2023-09-22T14:33:52","guid":{"rendered":"https:\/\/www.ccpnimt-fnilmac.com\/?p=8012"},"modified":"2023-09-25T16:46:15","modified_gmt":"2023-09-25T20:46:15","slug":"new-destination-for-the-3rd-first-nations-and-inuit-regional-forum","status":"publish","type":"post","link":"https:\/\/www.ccpnimt-fnilmac.com\/en\/new-destination-for-the-3rd-first-nations-and-inuit-regional-forum\/","title":{"rendered":"New Destination for the 3rd First Nations and Inuit Regional Forum"},"content":{"rendered":"\t\t<div data-elementor-type=\"wp-post\" data-elementor-id=\"8012\" class=\"elementor elementor-8012 elementor-7954\">\n\t\t\t\t\t\t\t\t\t<section class=\"elementor-section elementor-top-section elementor-element elementor-element-a799782 elementor-section-boxed elementor-section-height-default elementor-section-height-default sc_fly_static\" data-id=\"a799782\" data-element_type=\"section\">\n\t\t\t\t\t\t<div class=\"elementor-container elementor-column-gap-extended\">\n\t\t\t\t\t<div class=\"elementor-column elementor-col-100 elementor-top-column elementor-element elementor-element-b724003 sc_inner_width_none sc_content_align_inherit sc_layouts_column_icons_position_left sc_fly_static\" data-id=\"b724003\" data-element_type=\"column\">\n\t\t\t<div class=\"elementor-widget-wrap elementor-element-populated\">\n\t\t\t\t\t\t\t\t<div class=\"elementor-element elementor-element-b155b88 sc_fly_static elementor-widget elementor-widget-text-editor\" data-id=\"b155b88\" data-element_type=\"widget\" data-widget_type=\"text-editor.default\">\n\t\t\t\t<div class=\"elementor-widget-container\">\n\t\t\t<style>\/*! elementor - v3.17.0 - 08-11-2023 *\/\n.elementor-widget-text-editor.elementor-drop-cap-view-stacked .elementor-drop-cap{background-color:#69727d;color:#fff}.elementor-widget-text-editor.elementor-drop-cap-view-framed .elementor-drop-cap{color:#69727d;border:3px solid;background-color:transparent}.elementor-widget-text-editor:not(.elementor-drop-cap-view-default) .elementor-drop-cap{margin-top:8px}.elementor-widget-text-editor:not(.elementor-drop-cap-view-default) .elementor-drop-cap-letter{width:1em;height:1em}.elementor-widget-text-editor .elementor-drop-cap{float:left;text-align:center;line-height:1;font-size:50px}.elementor-widget-text-editor .elementor-drop-cap-letter{display:inline-block}<\/style>\t\t\t\t<p>After initially announcing, during the First Nations and Inuit Regional Forum in Gasp\u00e9sie \u00celes de la Madeleine, that the 3rd edition would be held in the administrative region of C\u00f4te-Nord, the First Nations human resource development Commission of Quebec and Labrador (FNHRDCQ) recently announced that the 2024 edition of the Forum will now take place in the stunning administrative region of Outaouais. This change of location has been carefully considered, with the aim of ensuring the participation of a greater number of stakeholders from the visited region. As a result, the Forum originally planned for C\u00f4te-Nord will be postponed to a later date.<\/p><p>Outaouais will undoubtedly provide an inspiring setting for exchanges, discussions, and reflections on issues related to the integration and retention of Indigenous workforce. It will facilitate building relationships, promoting the achievements of First Nations, and enhancing the employability of Indigenous workers in this region.<\/p><p>Stay tuned, as more details will be unveiled in the coming weeks.<\/p>\t\t\t\t\t\t<\/div>\n\t\t\t\t<\/div>\n\t\t\t\t\t<\/div>\n\t\t<\/div>\n\t\t\t\t\t\t\t<\/div>\n\t\t<\/section>\n\t\t\t\t\t\t\t<\/div>\n\t\t","protected":false},"excerpt":{"rendered":"<p>After initially announcing, during the First Nations and Inuit Regional Forum in Gasp\u00e9sie \u00celes de la Madeleine, that the 3rd edition would be held in the administrative region of C\u00f4te-Nord,&hellip;<\/p>\n","protected":false},"author":1,"featured_media":7967,"comment_status":"closed","ping_status":"closed","sticky":false,"template":"","format":"standard","meta":{"footnotes":""},"categories":[115],"tags":[],"class_list":["post-8012","post","type-post","status-publish","format-standard","has-post-thumbnail","hentry","category-news"],"yoast_head":"<!-- This site is optimized with the Yoast SEO plugin v25.9 - https:\/\/yoast.com\/wordpress\/plugins\/seo\/ -->\n<title>New Destination for the 3rd First Nations and Inuit Regional Forum - CCPNIMT<\/title>\n<meta name=\"robots\" content=\"index, follow, max-snippet:-1, max-image-preview:large, max-video-preview:-1\" \/>\n<link rel=\"canonical\" href=\"https:\/\/www.ccpnimt-fnilmac.com\/en\/new-destination-for-the-3rd-first-nations-and-inuit-regional-forum\/\" \/>\n<meta property=\"og:locale\" content=\"en_US\" \/>\n<meta property=\"og:type\" content=\"article\" \/>\n<meta property=\"og:title\" content=\"New Destination for the 3rd First Nations and Inuit Regional Forum - CCPNIMT\" \/>\n<meta property=\"og:description\" content=\"After initially announcing, during the First Nations and Inuit Regional Forum in Gasp\u00e9sie \u00celes de la Madeleine, that the 3rd edition would be held in the administrative region of C\u00f4te-Nord,&hellip;\" \/>\n<meta property=\"og:url\" content=\"https:\/\/www.ccpnimt-fnilmac.com\/en\/new-destination-for-the-3rd-first-nations-and-inuit-regional-forum\/\" \/>\n<meta property=\"og:site_name\" content=\"CCPNIMT\" \/>\n<meta property=\"article:publisher\" content=\"https:\/\/www.facebook.com\/ccpnimt.fnilmac\/\" \/>\n<meta property=\"article:published_time\" content=\"2023-09-22T14:33:52+00:00\" \/>\n<meta property=\"article:modified_time\" content=\"2023-09-25T20:46:15+00:00\" \/>\n<meta property=\"og:image\" content=\"https:\/\/www.ccpnimt-fnilmac.com\/wp-content\/uploads\/2023\/09\/nouvelles-forum-premieres-nations-inuit.jpg\" \/>\n\t<meta property=\"og:image:width\" content=\"800\" \/>\n\t<meta property=\"og:image:height\" content=\"595\" \/>\n\t<meta property=\"og:image:type\" content=\"image\/jpeg\" \/>\n<meta name=\"author\" content=\"admin-ccpnimt\" \/>\n<meta name=\"twitter:card\" content=\"summary_large_image\" \/>\n<meta name=\"twitter:label1\" content=\"Written by\" \/>\n\t<meta name=\"twitter:data1\" content=\"admin-ccpnimt\" \/>\n\t<meta name=\"twitter:label2\" content=\"Est. reading time\" \/>\n\t<meta name=\"twitter:data2\" content=\"1 minute\" \/>\n<script type=\"application\/ld+json\" class=\"yoast-schema-graph\">{\"@context\":\"https:\/\/schema.org\",\"@graph\":[{\"@type\":\"Article\",\"@id\":\"https:\/\/www.ccpnimt-fnilmac.com\/en\/new-destination-for-the-3rd-first-nations-and-inuit-regional-forum\/#article\",\"isPartOf\":{\"@id\":\"https:\/\/www.ccpnimt-fnilmac.com\/en\/new-destination-for-the-3rd-first-nations-and-inuit-regional-forum\/\"},\"author\":{\"name\":\"admin-ccpnimt\",\"@id\":\"https:\/\/www.ccpnimt-fnilmac.com\/#\/schema\/person\/759cca00ee3d917b0a2a83794044ba29\"},\"headline\":\"New Destination for the 3rd First Nations and Inuit Regional Forum\",\"datePublished\":\"2023-09-22T14:33:52+00:00\",\"dateModified\":\"2023-09-25T20:46:15+00:00\",\"mainEntityOfPage\":{\"@id\":\"https:\/\/www.ccpnimt-fnilmac.com\/en\/new-destination-for-the-3rd-first-nations-and-inuit-regional-forum\/\"},\"wordCount\":172,\"publisher\":{\"@id\":\"https:\/\/www.ccpnimt-fnilmac.com\/#organization\"},\"image\":{\"@id\":\"https:\/\/www.ccpnimt-fnilmac.com\/en\/new-destination-for-the-3rd-first-nations-and-inuit-regional-forum\/#primaryimage\"},\"thumbnailUrl\":\"https:\/\/www.ccpnimt-fnilmac.com\/wp-content\/uploads\/2023\/09\/nouvelles-forum-premieres-nations-inuit.jpg\",\"articleSection\":[\"News\"],\"inLanguage\":\"en-US\"},{\"@type\":\"WebPage\",\"@id\":\"https:\/\/www.ccpnimt-fnilmac.com\/en\/new-destination-for-the-3rd-first-nations-and-inuit-regional-forum\/\",\"url\":\"https:\/\/www.ccpnimt-fnilmac.com\/en\/new-destination-for-the-3rd-first-nations-and-inuit-regional-forum\/\",\"name\":\"New Destination for the 3rd First Nations and Inuit Regional Forum - CCPNIMT\",\"isPartOf\":{\"@id\":\"https:\/\/www.ccpnimt-fnilmac.com\/#website\"},\"primaryImageOfPage\":{\"@id\":\"https:\/\/www.ccpnimt-fnilmac.com\/en\/new-destination-for-the-3rd-first-nations-and-inuit-regional-forum\/#primaryimage\"},\"image\":{\"@id\":\"https:\/\/www.ccpnimt-fnilmac.com\/en\/new-destination-for-the-3rd-first-nations-and-inuit-regional-forum\/#primaryimage\"},\"thumbnailUrl\":\"https:\/\/www.ccpnimt-fnilmac.com\/wp-content\/uploads\/2023\/09\/nouvelles-forum-premieres-nations-inuit.jpg\",\"datePublished\":\"2023-09-22T14:33:52+00:00\",\"dateModified\":\"2023-09-25T20:46:15+00:00\",\"breadcrumb\":{\"@id\":\"https:\/\/www.ccpnimt-fnilmac.com\/en\/new-destination-for-the-3rd-first-nations-and-inuit-regional-forum\/#breadcrumb\"},\"inLanguage\":\"en-US\",\"potentialAction\":[{\"@type\":\"ReadAction\",\"target\":[\"https:\/\/www.ccpnimt-fnilmac.com\/en\/new-destination-for-the-3rd-first-nations-and-inuit-regional-forum\/\"]}]},{\"@type\":\"ImageObject\",\"inLanguage\":\"en-US\",\"@id\":\"https:\/\/www.ccpnimt-fnilmac.com\/en\/new-destination-for-the-3rd-first-nations-and-inuit-regional-forum\/#primaryimage\",\"url\":\"https:\/\/www.ccpnimt-fnilmac.com\/wp-content\/uploads\/2023\/09\/nouvelles-forum-premieres-nations-inuit.jpg\",\"contentUrl\":\"https:\/\/www.ccpnimt-fnilmac.com\/wp-content\/uploads\/2023\/09\/nouvelles-forum-premieres-nations-inuit.jpg\",\"width\":800,\"height\":595},{\"@type\":\"BreadcrumbList\",\"@id\":\"https:\/\/www.ccpnimt-fnilmac.com\/en\/new-destination-for-the-3rd-first-nations-and-inuit-regional-forum\/#breadcrumb\",\"itemListElement\":[{\"@type\":\"ListItem\",\"position\":1,\"name\":\"Accueil\",\"item\":\"https:\/\/www.ccpnimt-fnilmac.com\/en\/\"},{\"@type\":\"ListItem\",\"position\":2,\"name\":\"New Destination for the 3rd First Nations and Inuit Regional Forum\"}]},{\"@type\":\"WebSite\",\"@id\":\"https:\/\/www.ccpnimt-fnilmac.com\/#website\",\"url\":\"https:\/\/www.ccpnimt-fnilmac.com\/\",\"name\":\"CCPNIMT \u2013 Comit\u00e9 consultatif des Premi\u00e8res Nations et Inuit relatif au march\u00e9 du travail\",\"description\":\"Comit\u00e9 consultatif des Premi\u00e8res Nations et des Inuit relatif au march\u00e9 du travail\",\"publisher\":{\"@id\":\"https:\/\/www.ccpnimt-fnilmac.com\/#organization\"},\"alternateName\":\"CCPNIMT - FNILMAC\",\"potentialAction\":[{\"@type\":\"SearchAction\",\"target\":{\"@type\":\"EntryPoint\",\"urlTemplate\":\"https:\/\/www.ccpnimt-fnilmac.com\/?s={search_term_string}\"},\"query-input\":{\"@type\":\"PropertyValueSpecification\",\"valueRequired\":true,\"valueName\":\"search_term_string\"}}],\"inLanguage\":\"en-US\"},{\"@type\":\"Organization\",\"@id\":\"https:\/\/www.ccpnimt-fnilmac.com\/#organization\",\"name\":\"CCPNIMT \u2013 Comit\u00e9 consultatif des Premi\u00e8res Nations et Inuit relatif au march\u00e9 du travail\",\"alternateName\":\"CCPNIMT - FNILMAC\",\"url\":\"https:\/\/www.ccpnimt-fnilmac.com\/\",\"logo\":{\"@type\":\"ImageObject\",\"inLanguage\":\"en-US\",\"@id\":\"https:\/\/www.ccpnimt-fnilmac.com\/#\/schema\/logo\/image\/\",\"url\":\"https:\/\/www.ccpnimt-fnilmac.com\/wp-content\/uploads\/2023\/07\/logo-ccpnimt-1.png\",\"contentUrl\":\"https:\/\/www.ccpnimt-fnilmac.com\/wp-content\/uploads\/2023\/07\/logo-ccpnimt-1.png\",\"width\":286,\"height\":123,\"caption\":\"CCPNIMT \u2013 Comit\u00e9 consultatif des Premi\u00e8res Nations et Inuit relatif au march\u00e9 du travail\"},\"image\":{\"@id\":\"https:\/\/www.ccpnimt-fnilmac.com\/#\/schema\/logo\/image\/\"},\"sameAs\":[\"https:\/\/www.facebook.com\/ccpnimt.fnilmac\/\",\"https:\/\/www.linkedin.com\/company\/ccpnimt-fnilmac\/\"]},{\"@type\":\"Person\",\"@id\":\"https:\/\/www.ccpnimt-fnilmac.com\/#\/schema\/person\/759cca00ee3d917b0a2a83794044ba29\",\"name\":\"admin-ccpnimt\",\"image\":{\"@type\":\"ImageObject\",\"inLanguage\":\"en-US\",\"@id\":\"https:\/\/www.ccpnimt-fnilmac.com\/#\/schema\/person\/image\/\",\"url\":\"https:\/\/secure.gravatar.com\/avatar\/6da7990effcdf6fc96cfa9ee76396714b562478f369a3a415604bcd2b717df95?s=96&d=mm&r=g\",\"contentUrl\":\"https:\/\/secure.gravatar.com\/avatar\/6da7990effcdf6fc96cfa9ee76396714b562478f369a3a415604bcd2b717df95?s=96&d=mm&r=g\",\"caption\":\"admin-ccpnimt\"},\"sameAs\":[\"https:\/\/www.ccpnimt-fnilmac.com\"],\"url\":\"https:\/\/www.ccpnimt-fnilmac.com\/en\/author\/admin-ccpnimt\/\"}]}<\/script>\n<!-- \/ Yoast SEO plugin. -->","yoast_head_json":{"title":"New Destination for the 3rd First Nations and Inuit Regional Forum - CCPNIMT","robots":{"index":"index","follow":"follow","max-snippet":"max-snippet:-1","max-image-preview":"max-image-preview:large","max-video-preview":"max-video-preview:-1"},"canonical":"https:\/\/www.ccpnimt-fnilmac.com\/en\/new-destination-for-the-3rd-first-nations-and-inuit-regional-forum\/","og_locale":"en_US","og_type":"article","og_title":"New Destination for the 3rd First Nations and Inuit Regional Forum - CCPNIMT","og_description":"After initially announcing, during the First Nations and Inuit Regional Forum in Gasp\u00e9sie \u00celes de la Madeleine, that the 3rd edition would be held in the administrative region of C\u00f4te-Nord,&hellip;","og_url":"https:\/\/www.ccpnimt-fnilmac.com\/en\/new-destination-for-the-3rd-first-nations-and-inuit-regional-forum\/","og_site_name":"CCPNIMT","article_publisher":"https:\/\/www.facebook.com\/ccpnimt.fnilmac\/","article_published_time":"2023-09-22T14:33:52+00:00","article_modified_time":"2023-09-25T20:46:15+00:00","og_image":[{"width":800,"height":595,"url":"https:\/\/www.ccpnimt-fnilmac.com\/wp-content\/uploads\/2023\/09\/nouvelles-forum-premieres-nations-inuit.jpg","type":"image\/jpeg"}],"author":"admin-ccpnimt","twitter_card":"summary_large_image","twitter_misc":{"Written by":"admin-ccpnimt","Est. reading time":"1 minute"},"schema":{"@context":"https:\/\/schema.org","@graph":[{"@type":"Article","@id":"https:\/\/www.ccpnimt-fnilmac.com\/en\/new-destination-for-the-3rd-first-nations-and-inuit-regional-forum\/#article","isPartOf":{"@id":"https:\/\/www.ccpnimt-fnilmac.com\/en\/new-destination-for-the-3rd-first-nations-and-inuit-regional-forum\/"},"author":{"name":"admin-ccpnimt","@id":"https:\/\/www.ccpnimt-fnilmac.com\/#\/schema\/person\/759cca00ee3d917b0a2a83794044ba29"},"headline":"New Destination for the 3rd First Nations and Inuit Regional Forum","datePublished":"2023-09-22T14:33:52+00:00","dateModified":"2023-09-25T20:46:15+00:00","mainEntityOfPage":{"@id":"https:\/\/www.ccpnimt-fnilmac.com\/en\/new-destination-for-the-3rd-first-nations-and-inuit-regional-forum\/"},"wordCount":172,"publisher":{"@id":"https:\/\/www.ccpnimt-fnilmac.com\/#organization"},"image":{"@id":"https:\/\/www.ccpnimt-fnilmac.com\/en\/new-destination-for-the-3rd-first-nations-and-inuit-regional-forum\/#primaryimage"},"thumbnailUrl":"https:\/\/www.ccpnimt-fnilmac.com\/wp-content\/uploads\/2023\/09\/nouvelles-forum-premieres-nations-inuit.jpg","articleSection":["News"],"inLanguage":"en-US"},{"@type":"WebPage","@id":"https:\/\/www.ccpnimt-fnilmac.com\/en\/new-destination-for-the-3rd-first-nations-and-inuit-regional-forum\/","url":"https:\/\/www.ccpnimt-fnilmac.com\/en\/new-destination-for-the-3rd-first-nations-and-inuit-regional-forum\/","name":"New Destination for the 3rd First Nations and Inuit Regional Forum - CCPNIMT","isPartOf":{"@id":"https:\/\/www.ccpnimt-fnilmac.com\/#website"},"primaryImageOfPage":{"@id":"https:\/\/www.ccpnimt-fnilmac.com\/en\/new-destination-for-the-3rd-first-nations-and-inuit-regional-forum\/#primaryimage"},"image":{"@id":"https:\/\/www.ccpnimt-fnilmac.com\/en\/new-destination-for-the-3rd-first-nations-and-inuit-regional-forum\/#primaryimage"},"thumbnailUrl":"https:\/\/www.ccpnimt-fnilmac.com\/wp-content\/uploads\/2023\/09\/nouvelles-forum-premieres-nations-inuit.jpg","datePublished":"2023-09-22T14:33:52+00:00","dateModified":"2023-09-25T20:46:15+00:00","breadcrumb":{"@id":"https:\/\/www.ccpnimt-fnilmac.com\/en\/new-destination-for-the-3rd-first-nations-and-inuit-regional-forum\/#breadcrumb"},"inLanguage":"en-US","potentialAction":[{"@type":"ReadAction","target":["https:\/\/www.ccpnimt-fnilmac.com\/en\/new-destination-for-the-3rd-first-nations-and-inuit-regional-forum\/"]}]},{"@type":"ImageObject","inLanguage":"en-US","@id":"https:\/\/www.ccpnimt-fnilmac.com\/en\/new-destination-for-the-3rd-first-nations-and-inuit-regional-forum\/#primaryimage","url":"https:\/\/www.ccpnimt-fnilmac.com\/wp-content\/uploads\/2023\/09\/nouvelles-forum-premieres-nations-inuit.jpg","contentUrl":"https:\/\/www.ccpnimt-fnilmac.com\/wp-content\/uploads\/2023\/09\/nouvelles-forum-premieres-nations-inuit.jpg","width":800,"height":595},{"@type":"BreadcrumbList","@id":"https:\/\/www.ccpnimt-fnilmac.com\/en\/new-destination-for-the-3rd-first-nations-and-inuit-regional-forum\/#breadcrumb","itemListElement":[{"@type":"ListItem","position":1,"name":"Accueil","item":"https:\/\/www.ccpnimt-fnilmac.com\/en\/"},{"@type":"ListItem","position":2,"name":"New Destination for the 3rd First Nations and Inuit Regional Forum"}]},{"@type":"WebSite","@id":"https:\/\/www.ccpnimt-fnilmac.com\/#website","url":"https:\/\/www.ccpnimt-fnilmac.com\/","name":"CCPNIMT \u2013 Comit\u00e9 consultatif des Premi\u00e8res Nations et Inuit relatif au march\u00e9 du travail","description":"Comit\u00e9 consultatif des Premi\u00e8res Nations et des Inuit relatif au march\u00e9 du travail","publisher":{"@id":"https:\/\/www.ccpnimt-fnilmac.com\/#organization"},"alternateName":"CCPNIMT - FNILMAC","potentialAction":[{"@type":"SearchAction","target":{"@type":"EntryPoint","urlTemplate":"https:\/\/www.ccpnimt-fnilmac.com\/?s={search_term_string}"},"query-input":{"@type":"PropertyValueSpecification","valueRequired":true,"valueName":"search_term_string"}}],"inLanguage":"en-US"},{"@type":"Organization","@id":"https:\/\/www.ccpnimt-fnilmac.com\/#organization","name":"CCPNIMT \u2013 Comit\u00e9 consultatif des Premi\u00e8res Nations et Inuit relatif au march\u00e9 du travail","alternateName":"CCPNIMT - FNILMAC","url":"https:\/\/www.ccpnimt-fnilmac.com\/","logo":{"@type":"ImageObject","inLanguage":"en-US","@id":"https:\/\/www.ccpnimt-fnilmac.com\/#\/schema\/logo\/image\/","url":"https:\/\/www.ccpnimt-fnilmac.com\/wp-content\/uploads\/2023\/07\/logo-ccpnimt-1.png","contentUrl":"https:\/\/www.ccpnimt-fnilmac.com\/wp-content\/uploads\/2023\/07\/logo-ccpnimt-1.png","width":286,"height":123,"caption":"CCPNIMT \u2013 Comit\u00e9 consultatif des Premi\u00e8res Nations et Inuit relatif au march\u00e9 du travail"},"image":{"@id":"https:\/\/www.ccpnimt-fnilmac.com\/#\/schema\/logo\/image\/"},"sameAs":["https:\/\/www.facebook.com\/ccpnimt.fnilmac\/","https:\/\/www.linkedin.com\/company\/ccpnimt-fnilmac\/"]},{"@type":"Person","@id":"https:\/\/www.ccpnimt-fnilmac.com\/#\/schema\/person\/759cca00ee3d917b0a2a83794044ba29","name":"admin-ccpnimt","image":{"@type":"ImageObject","inLanguage":"en-US","@id":"https:\/\/www.ccpnimt-fnilmac.com\/#\/schema\/person\/image\/","url":"https:\/\/secure.gravatar.com\/avatar\/6da7990effcdf6fc96cfa9ee76396714b562478f369a3a415604bcd2b717df95?s=96&d=mm&r=g","contentUrl":"https:\/\/secure.gravatar.com\/avatar\/6da7990effcdf6fc96cfa9ee76396714b562478f369a3a415604bcd2b717df95?s=96&d=mm&r=g","caption":"admin-ccpnimt"},"sameAs":["https:\/\/www.ccpnimt-fnilmac.com"],"url":"https:\/\/www.ccpnimt-fnilmac.com\/en\/author\/admin-ccpnimt\/"}]}},"_links":{"self":[{"href":"https:\/\/www.ccpnimt-fnilmac.com\/en\/wp-json\/wp\/v2\/posts\/8012","targetHints":{"allow":["GET"]}}],"collection":[{"href":"https:\/\/www.ccpnimt-fnilmac.com\/en\/wp-json\/wp\/v2\/posts"}],"about":[{"href":"https:\/\/www.ccpnimt-fnilmac.com\/en\/wp-json\/wp\/v2\/types\/post"}],"author":[{"embeddable":true,"href":"https:\/\/www.ccpnimt-fnilmac.com\/en\/wp-json\/wp\/v2\/users\/1"}],"replies":[{"embeddable":true,"href":"https:\/\/www.ccpnimt-fnilmac.com\/en\/wp-json\/wp\/v2\/comments?post=8012"}],"version-history":[{"count":5,"href":"https:\/\/www.ccpnimt-fnilmac.com\/en\/wp-json\/wp\/v2\/posts\/8012\/revisions"}],"predecessor-version":[{"id":8065,"href":"https:\/\/www.ccpnimt-fnilmac.com\/en\/wp-json\/wp\/v2\/posts\/8012\/revisions\/8065"}],"wp:featuredmedia":[{"embeddable":true,"href":"https:\/\/www.ccpnimt-fnilmac.com\/en\/wp-json\/wp\/v2\/media\/7967"}],"wp:attachment":[{"href":"https:\/\/www.ccpnimt-fnilmac.com\/en\/wp-json\/wp\/v2\/media?parent=8012"}],"wp:term":[{"taxonomy":"category","embeddable":true,"href":"https:\/\/www.ccpnimt-fnilmac.com\/en\/wp-json\/wp\/v2\/categories?post=8012"},{"taxonomy":"post_tag","embeddable":true,"href":"https:\/\/www.ccpnimt-fnilmac.com\/en\/wp-json\/wp\/v2\/tags?post=8012"}],"curies":[{"name":"wp","href":"https:\/\/api.w.org\/{rel}","templated":true}]}}